{"id":2701,"date":"2024-11-20T15:12:54","date_gmt":"2024-11-20T15:12:54","guid":{"rendered":"http:\/\/www.okanbal.com\/?p=2701"},"modified":"2024-12-29T12:33:48","modified_gmt":"2024-12-29T12:33:48","slug":"ogrenci-danismani-ile-daha-basarili-ogrenciler","status":"publish","type":"post","link":"https:\/\/www.ogrencikocuokanbal.com.tr\/blog\/2701\/ogrenci-danismani-ile-daha-basarili-ogrenciler\/","title":{"rendered":"\u00d6\u011frenci Dan\u0131\u015fman\u0131 \u0130le Daha Ba\u015far\u0131l\u0131 \u00d6\u011frenciler"},"content":{"rendered":"<h2>\u00d6\u011frenci dan\u0131\u015fmanl\u0131\u011f\u0131 nedir?<\/h2>\n<p>\u00d6\u011frenci&nbsp; dan\u0131\u015fmanl\u0131\u011f\u0131, gen\u00e7lerin ger\u00e7ekle\u015ftirmek istedikleri hedefleri&nbsp; i\u00e7in&nbsp; yapmak istediklerine odaklanan ve bu odaklanma&nbsp; s\u00fcresinde elde edece\u011fi s\u0131rad\u0131\u015f\u0131 fark\u0131ndal\u0131klar\u0131n\u0131&nbsp; hayata ge\u00e7irece\u011fi interaktif bir s\u00fcre\u00e7tir.Bu s\u00fcre\u00e7te dan\u0131\u015fman&nbsp; ve \u00f6\u011frenci&nbsp; \u00f6zel bir i\u015fbirli\u011fi i\u00e7inde bilikte yol al\u0131rlar. S\u0131nava haz\u0131rl\u0131k s\u00fcrecinde \u00f6\u011frenci aile aras\u0131nda sa\u011fl\u0131k ileti\u015fimi sa\u011flar ve \u00f6\u011frenci takibi daha sa\u011fl\u0131kl\u0131 hale gelir.<\/p>\n<h2>\u00d6\u011frenci dan\u0131\u015fmanl\u0131\u011f\u0131nun faydas\u0131 nedir?<\/h2>\n<p>\u00d6\u011frenci dan\u0131\u015fmanl\u0131\u011f\u0131&nbsp; s\u00fcrecinde ,kendine g\u00fcvenen, inanan kendisi i\u00e7in gelecek hedefleri yaratabilen, kendi kaynaklar\u0131n\u0131&nbsp; fark&nbsp; edip kullanabilen, kendini istedi\u011fi gibi ifade edebilen bir&nbsp; gen\u00e7 olma yolunda emin ad\u0131mlarla ilerleyen bireylerle tan\u0131\u015f\u0131rs\u0131n\u0131z .<\/p>\n<h2>Anne -Baba &nbsp;dan\u0131\u015fmanl\u0131k s\u00fcrecine dahil olacak m\u0131?<\/h2>\n<p>Dan\u0131\u015fmanl\u0131k&nbsp;s\u00fcreci;<br \/>\n0-6 ya\u015f aras\u0131ndaki bir \u00e7ocuk i\u00e7in sadece anne babaya,<br \/>\n6-12 ya\u015f aras\u0131ndaki &nbsp;bir \u00e7ocuk i\u00e7in anne babalar&nbsp; ve \u00e7ocuklara,.<br \/>\n12- + ya\u015f\u0131ndaki bir&nbsp;&nbsp; \u00e7ocuk i\u00e7in sadece \u00e7ocuklara y\u00f6neliktir.<\/p>\n<p>Bu i\u015fbirli\u011finde&nbsp; g\u00f6r\u00fc\u015fmelerin i\u00e7erikleri dan\u0131\u015fman&nbsp;ve \u00f6\u011frenci aras\u0131nda gizlidir. Anne- babalar&nbsp; bu s\u00fcre\u00e7te bir ad\u0131m geride&nbsp; yer al\u0131rlar. Gen\u00e7ler t\u00fcm s\u00fcre\u00e7te bag\u0131ms\u0131z bir birey olma yolunda ilerlerken kendi kendine fark\u0131ndal\u0131k kazanmay\u0131&nbsp;\u00f6\u011frenir.<\/p>\n<p><strong>Ne kadar s\u00fcrer?<\/strong><\/p>\n<p>S\u00fcreyi \u00f6\u011frenci ve dan\u0131\u015fan&nbsp;birilikte ihtiyaca g\u00f6re belirlerler.<br \/>\nTavsiye edilen minimum g\u00f6r\u00fc\u015fme say\u0131s\u0131 12 dir.<\/p>\n<p>&nbsp;<\/p>\n<div>S\u0131nav S\u00fcrecini Daha Bilin\u00e7li ve Ba\u015far\u0131 Odakl\u0131 Bir \u00c7al\u0131\u015fma Haline Getirmek \u0130\u00e7in&nbsp;Profesyonel E\u011fitim ve \u00d6\u011frenci Dan\u0131\u015fmanl\u0131\u011f\u0131 Deste\u011fi alabilirsiniz.<\/div>\n<div><\/div>\n<div><a href=\"http:\/\/www.okanbal.com\/randevu-al\" target=\"_blank\" rel=\"noopener\"><img loading=\"lazy\" decoding=\"async\" class=\"alignnone size-full wp-image-2455\" src=\"http:\/\/i1.wp.com\/www.okanbal.com\/wp-content\/uploads\/2016\/08\/psikolojik-danisma-ogrenci-danismanligi-randevual1-gaziantep.png?resize=298%2C95\" alt=\"psikolojik-danisma-ogrenci-danismanligi-randevual1-gaziantep\" width=\"298\" height=\"95\"><\/a><\/div>\n","protected":false},"excerpt":{"rendered":"<p>\u00d6\u011frenci  dan\u0131\u015fmanl\u0131\u011f\u0131, gen\u00e7lerin ger\u00e7ekle\u015ftirmek istedikleri hedefleri  i\u00e7in  yapmak istediklerine odaklanan ve bu odaklanma  s\u00fcresinde elde edece\u011fi s\u0131rad\u0131\u015f\u0131 fark\u0131ndal\u0131klar\u0131n\u0131  hayata ge\u00e7irece\u011fi interaktif bir s\u00fcre\u00e7tir.<\/p>\n","protected":false},"author":1,"featured_media":2702,"comment_status":"closed","ping_status":"closed","sticky":false,"template":"","format":"standard","meta":{"footnotes":""},"categories":[12,119,91,132],"tags":[238,230,223,237,233,218,228],"class_list":["post-2701","post","type-post","status-publish","format-standard","has-post-thumbnail","hentry","category-egitim-ogrenci-danismanligi","category-psikoloji","category-psikolojik-danisma","category-tyt-ayt","tag-ders-calisirken-sikilmak","tag-gaziantep-egitim-danismani","tag-gaziantep-ogrenci-danismani","tag-ogrenci-takibi","tag-online-egitim-danismani","tag-online-egitim-danismanligi","tag-online-ogrenci-danismani"],"_links":{"self":[{"href":"https:\/\/www.ogrencikocuokanbal.com.tr\/blog\/wp-json\/wp\/v2\/posts\/2701","targetHints":{"allow":["GET"]}}],"collection":[{"href":"https:\/\/www.ogrencikocuokanbal.com.tr\/blog\/wp-json\/wp\/v2\/posts"}],"about":[{"href":"https:\/\/www.ogrencikocuokanbal.com.tr\/blog\/wp-json\/wp\/v2\/types\/post"}],"author":[{"embeddable":true,"href":"https:\/\/www.ogrencikocuokanbal.com.tr\/blog\/wp-json\/wp\/v2\/users\/1"}],"replies":[{"embeddable":true,"href":"https:\/\/www.ogrencikocuokanbal.com.tr\/blog\/wp-json\/wp\/v2\/comments?post=2701"}],"version-history":[{"count":1,"href":"https:\/\/www.ogrencikocuokanbal.com.tr\/blog\/wp-json\/wp\/v2\/posts\/2701\/revisions"}],"predecessor-version":[{"id":16452,"href":"https:\/\/www.ogrencikocuokanbal.com.tr\/blog\/wp-json\/wp\/v2\/posts\/2701\/revisions\/16452"}],"wp:featuredmedia":[{"embeddable":true,"href":"https:\/\/www.ogrencikocuokanbal.com.tr\/blog\/wp-json\/wp\/v2\/media\/2702"}],"wp:attachment":[{"href":"https:\/\/www.ogrencikocuokanbal.com.tr\/blog\/wp-json\/wp\/v2\/media?parent=2701"}],"wp:term":[{"taxonomy":"category","embeddable":true,"href":"https:\/\/www.ogrencikocuokanbal.com.tr\/blog\/wp-json\/wp\/v2\/categories?post=2701"},{"taxonomy":"post_tag","embeddable":true,"href":"https:\/\/www.ogrencikocuokanbal.com.tr\/blog\/wp-json\/wp\/v2\/tags?post=2701"}],"curies":[{"name":"wp","href":"https:\/\/api.w.org\/{rel}","templated":true}]}}