{"id":3217,"date":"2016-09-01T19:45:55","date_gmt":"2016-09-01T16:45:55","guid":{"rendered":"http:\/\/www.okanbal.com\/?p=3217"},"modified":"2016-09-01T19:45:55","modified_gmt":"2016-09-01T16:45:55","slug":"ders-calisma-odasi-nasil-hazirlanmali","status":"publish","type":"post","link":"https:\/\/www.ogrencikocuokanbal.com.tr\/blog\/3217\/ders-calisma-odasi-nasil-hazirlanmali\/","title":{"rendered":"Ders \u00c7al\u0131\u015fma Odas\u0131 Nas\u0131l Haz\u0131rlanmal\u0131"},"content":{"rendered":"<p>Yeni e\u011fitim ve \u00f6\u011fretim d\u00f6neminin ba\u015flayaca\u011f\u0131 \u015fu g\u00fcnlerde, sadece ilk \u00f6\u011fretim \u00f6\u011frencilerinde de\u011fil \u00fcniversite \u00f6\u011frencilerinde, kursiyerlerde, uzaktan e\u011fitim \u00f6\u011frencilerinde de tatl\u0131 bir heyecan var.<\/p>\n<p>Yeni bir ba\u015flang\u0131\u00e7 i\u00e7in planlar yap\u0131l\u0131yor, g\u00fcnl\u00fck ya\u015fam\u0131n rutin programlar\u0131 de\u011fi\u015fiyor, sorumluluklar art\u0131yor. \u0130ster bo\u015f vakitlerinizi yeni bir yabanc\u0131 dil \u00f6\u011frenmekle de\u011ferlendirmek i\u00e7in bir kursa kaydolmu\u015f olun ister a\u00e7\u0131k \u00f6\u011fretim fak\u00fcltesine devam ediyor olun\u2026<\/p>\n<p><strong>Ders \u00e7al\u0131\u015fmak<\/strong> i\u00e7in herkesin \u00f6zel bir alana ihtiyac\u0131 vard\u0131r. Bu alan\u0131 dekore ederken dikkat edece\u011finiz \u00f6zellikler, verimlili\u011finizi do\u011frudan etkileyecektir. Sizin i\u00e7in <strong>ders \u00e7al\u0131\u015fma ortam\u0131n\u0131z\u0131\u00a0<\/strong>kusursuz hale getirecek ve motivasyonunuzu art\u0131racak \u00f6nerileri derledik.<\/p>\n<p>Hayallerinize b\u00fcy\u00fck bir ad\u0131m ataca\u011f\u0131n\u0131z, ba\u015far\u0131l\u0131 bir e\u011fitim ve \u00f6\u011fretim d\u00f6nemi dileriz.<\/p>\n<p>&nbsp;<\/p>\n<p>&nbsp;<\/p>\n<h3>Renklerin diline kulak verin\u2026<\/h3>\n<p>Uzmanlar, <strong>ders \u00e7al\u0131\u015fma ortamlar\u0131nda<\/strong> kullan\u0131lan renklerin \u00e7al\u0131\u015fma performans\u0131n\u0131 do\u011frudan etkiledi\u011fini vurgulamaktad\u0131r.<\/p>\n<p>\u00c7al\u0131\u015fma odan\u0131z\u0131n duvarlar\u0131nda ve tekstil malzemelerinde a\u011f\u0131rl\u0131kl\u0131 olarak; a\u00e7\u0131k mavi veya a\u00e7\u0131k ye\u015fil tonlar\u0131n\u0131 kullanarak ayd\u0131nl\u0131k bir ortam sa\u011flayabilirsiniz.<\/p>\n<p>Beyaz rengin hakim oldu\u011fu \u00e7al\u0131\u015fma alanlar\u0131, g\u00f6zleri \u00e7abuk yormaktad\u0131r. Koyu renkler ise fark\u0131nda olmadan karamsarl\u0131\u011fa s\u00fcr\u00fcklenmenize neden olabilir.<\/p>\n<p>\u00c7al\u0131\u015fma masan\u0131zda ise desenli \u00f6rt\u00fcler veya koyu renkler kullanmak yerine, a\u00e7\u0131k ve sade tonlardaki modelleri tercih edebilirsiniz.<\/p>\n<p>&nbsp;<\/p>\n<p>&nbsp;<\/p>\n<h4>\u00c7al\u0131\u015fma s\u00fcrenizi art\u0131racak en \u00f6nemli kriter: Rahatl\u0131k!<\/h4>\n<p>Ders \u00e7al\u0131\u015f\u0131rken odaklanman\u0131z\u0131 sa\u011flayacak, konsantrasyonunuzu b\u00f6lmeyecek en \u00f6nemli kriterlerden biri \u00e7al\u0131\u015fma sandalyenizin ve masan\u0131z\u0131n rahatl\u0131\u011f\u0131d\u0131r.<\/p>\n<p><strong>Ders \u00e7al\u0131\u015fma masan\u0131z\u0131n ve sandalyenizin<\/strong> \u00f6l\u00e7\u00fcleri, v\u00fccut \u00f6l\u00e7\u00fclerinizle uyumlu olmal\u0131d\u0131r. Aksi halde bel, boyun ve bacak a\u011fr\u0131lar\u0131ndan \u015fikayet\u00e7i olabilirsiniz. \u00c7ok sert sandalyeler veya \u00e7ok yumu\u015fak koltuklar ders \u00e7al\u0131\u015fmak i\u00e7in ideal de\u011fildir.<\/p>\n<p>\u00c7al\u0131\u015fma masan\u0131z\u0131 m\u00fcmk\u00fcnse sadece ders \u00e7al\u0131\u015fmak i\u00e7in kullan\u0131n. Masan\u0131z\u0131n \u00fcst\u00fcnde ders \u00e7al\u0131\u015fman\u0131za yard\u0131mc\u0131 olacak, sizi motive edecek notlar ve aksesuarlar bulundurabilirsiniz.<\/p>\n<p>Fakat ders \u00e7al\u0131\u015fmakla ilgisi olmayan her nesne siz fark\u0131nda olmasan\u0131z da motivasyonunuzu olumsuz y\u00f6nde etkileyebilir.<\/p>\n<p>&nbsp;<\/p>\n<p>&nbsp;<\/p>\n<h3>Odan\u0131z\u0131n atmosferini g\u00f6zden ge\u00e7irin\u2026<\/h3>\n<p>\u00c7al\u0131\u015fma odan\u0131z\u0131 titizlikle dizayn etttiniz. S\u0131ra geldi odan\u0131n havas\u0131na, \u0131s\u0131s\u0131na, \u0131\u015f\u0131\u011f\u0131na. <strong>\u00c7al\u0131\u015fma odan\u0131z\u0131<\/strong> g\u00fcnl\u00fck olarak havaland\u0131rmay\u0131 al\u0131\u015fkanl\u0131k haline getirin.<\/p>\n<p>S\u0131cakl\u0131k seviyesi ise hem \u00fc\u015f\u00fcmemenizi hem de s\u0131caktan bay\u0131lmaman\u0131z\u0131 sa\u011flayacak seviyede olmal\u0131d\u0131r.<\/p>\n<p>Evde en \u00e7ok kullan\u0131lan odan\u0131n en uza\u011f\u0131ndaki \u0131\u015f\u0131k alan, sessiz ve havadar odalar <strong>\u00e7al\u0131\u015fma odas\u0131<\/strong> olmak i\u00e7in olduk\u00e7a idealdir.<\/p>\n<p>&nbsp;<\/p>\n<p>&nbsp;<\/p>\n<p>Okan Bal<br \/>\nUzman Psikolojik Dan\u0131\u015fman<br \/>\nE\u011fitim ve \u00d6\u011frenci Dan\u0131\u015fman\u0131<\/p>\n<p>&nbsp;<\/p>\n<div>Profesyonel E\u011fitim ve \u00d6\u011frenci Dan\u0131\u015fmanl\u0131\u011f\u0131 Deste\u011fi Almak \u0130\u00e7in Randevu Al\u0131n\u0131z.<\/div>\n<div><\/div>\n<div><a href=\"http:\/\/www.okanbal.com\/randevu-al\" target=\"_blank\" rel=\"noopener\"><img loading=\"lazy\" decoding=\"async\" class=\"alignnone size-full wp-image-2455\" src=\"http:\/\/i1.wp.com\/www.okanbal.com\/wp-content\/uploads\/2016\/08\/psikolojik-danisma-ogrenci-danismanligi-randevual1-gaziantep.png?resize=298%2C95\" alt=\"psikolojik-danisma-ogrenci-danismanligi-randevual1-gaziantep\" width=\"298\" height=\"95\" \/><\/a><\/div>\n","protected":false},"excerpt":{"rendered":"<p>Yeni e\u011fitim ve \u00f6\u011fretim d\u00f6neminin ba\u015flayaca\u011f\u0131 \u015fu g\u00fcnlerde, sadece ilk \u00f6\u011fretim \u00f6\u011frencilerinde de\u011fil \u00fcniversite \u00f6\u011frencilerinde, kursiyerlerde, uzaktan e\u011fitim \u00f6\u011frencilerinde de&#46;&#46;&#46;<\/p>\n","protected":false},"author":1,"featured_media":3219,"comment_status":"open","ping_status":"open","sticky":false,"template":"","format":"standard","meta":{"footnotes":""},"categories":[12,28,91],"tags":[264,265,230,223,216,233,228,255,256,257],"class_list":["post-3217","post","type-post","status-publish","format-standard","has-post-thumbnail","hentry","category-egitim-ogrenci-danismanligi","category-pdr-rehberlik-resmiyet","category-psikolojik-danisma","tag-ders-calisma","tag-ders-calisma-odasi-nasil-olmali","tag-gaziantep-egitim-danismani","tag-gaziantep-ogrenci-danismani","tag-online-danismanlik","tag-online-egitim-danismani","tag-online-ogrenci-danismani","tag-online-ogrenci-kocu","tag-online-sinav-danismani","tag-rehber-ogretmen"],"_links":{"self":[{"href":"https:\/\/www.ogrencikocuokanbal.com.tr\/blog\/wp-json\/wp\/v2\/posts\/3217","targetHints":{"allow":["GET"]}}],"collection":[{"href":"https:\/\/www.ogrencikocuokanbal.com.tr\/blog\/wp-json\/wp\/v2\/posts"}],"about":[{"href":"https:\/\/www.ogrencikocuokanbal.com.tr\/blog\/wp-json\/wp\/v2\/types\/post"}],"author":[{"embeddable":true,"href":"https:\/\/www.ogrencikocuokanbal.com.tr\/blog\/wp-json\/wp\/v2\/users\/1"}],"replies":[{"embeddable":true,"href":"https:\/\/www.ogrencikocuokanbal.com.tr\/blog\/wp-json\/wp\/v2\/comments?post=3217"}],"version-history":[{"count":0,"href":"https:\/\/www.ogrencikocuokanbal.com.tr\/blog\/wp-json\/wp\/v2\/posts\/3217\/revisions"}],"wp:featuredmedia":[{"embeddable":true,"href":"https:\/\/www.ogrencikocuokanbal.com.tr\/blog\/wp-json\/wp\/v2\/media\/3219"}],"wp:attachment":[{"href":"https:\/\/www.ogrencikocuokanbal.com.tr\/blog\/wp-json\/wp\/v2\/media?parent=3217"}],"wp:term":[{"taxonomy":"category","embeddable":true,"href":"https:\/\/www.ogrencikocuokanbal.com.tr\/blog\/wp-json\/wp\/v2\/categories?post=3217"},{"taxonomy":"post_tag","embeddable":true,"href":"https:\/\/www.ogrencikocuokanbal.com.tr\/blog\/wp-json\/wp\/v2\/tags?post=3217"}],"curies":[{"name":"wp","href":"https:\/\/api.w.org\/{rel}","templated":true}]}}