{"id":3379,"date":"2016-09-07T00:37:44","date_gmt":"2016-09-06T21:37:44","guid":{"rendered":"http:\/\/www.okanbal.com\/?p=3379"},"modified":"2016-09-07T00:37:44","modified_gmt":"2016-09-06T21:37:44","slug":"cocuklarda-okul-kaygisi-anne-destegiyle-asiliyor","status":"publish","type":"post","link":"https:\/\/www.ogrencikocuokanbal.com.tr\/blog\/3379\/cocuklarda-okul-kaygisi-anne-destegiyle-asiliyor\/","title":{"rendered":"\u00c7ocuklarda okul kayg\u0131s\u0131 anne deste\u011fiyle a\u015f\u0131l\u0131yor"},"content":{"rendered":"<div class=\"excerpt\">\n<p>\u00c7ocuklar okula ilk ba\u015flad\u0131\u011f\u0131nda anne ve babadan ayr\u0131lma endi\u015fesi duyar. Bir\u00e7ok \u00e7ocuk, okula gitmek istemez ya da annesini yan\u0131nda g\u00f6rmek ister. Bu belki bir hafta belki de bir ay s\u00fcrer.<\/p>\n<\/div>\n<div id=\"content\">\n<p>Aileler, \u00e7ocuklar\u0131n okula ba\u015flad\u0131\u011f\u0131 d\u00f6nemde bir\u00e7ok s\u0131k\u0131nt\u0131yla kar\u015f\u0131 kar\u015f\u0131ya kal\u0131yor. Anne ve babadan ayr\u0131lmak istemeyen \u00e7ocuk, okula adapte olam\u0131yor ve gitmek istemiyor. Bu durum, \u00e7ocuklar\u0131n \u00f6nceki d\u00f6neminde de kayg\u0131l\u0131 olmalar\u0131ndan kaynaklan\u0131yor. \u00c7ocuktaki ilk iki ya\u015f\u0131n g\u00fcvenli ba\u011flanma i\u00e7in \u00e7ok \u00f6nemli oldu\u011fu bir d\u00f6nemdir. Ailenin ve okulun bu gibi durumlarda \u0131srarc\u0131 olmas\u0131 gerekmektedir. 18 ay i\u00e7inde \u00e7ocu\u011fun ailesiyle g\u00fcvenli bir ili\u015fki geli\u015ftiremedi\u011fin de bu durumun \u00f6zellikle okul d\u00f6neminde daha fazla ortaya \u00e7\u0131kmaktad\u0131r. \u00d6\u011fretmenlerin, \u2018\u00c7ocu\u011fu okula b\u0131rak\u0131p evlerinize geri d\u00f6nebilirsiniz\u2019 gibi bir yakla\u015f\u0131mlar\u0131 olabiliyor. Bu da \u00e7ocuktaki kayg\u0131y\u0131 ve endi\u015feyi daha da art\u0131rmaya neden oluyor. Zaten \u00e7ocuk, \u2018Annem beni burada b\u0131rakacak, bir daha g\u00f6remeyece\u011fim\u2019 d\u00fc\u015f\u00fcncesiyle hareket ediyor. Bu durum kar\u015f\u0131s\u0131nda anne ve baba, \u00f6\u011fretmen ile i\u015fbirli\u011fi i\u00e7erisinde bulunmal\u0131.\u201d<\/p>\n<p>Okullarda al\u0131\u015ft\u0131rma d\u00f6nemlerinin ba\u015flamas\u0131yla s\u0131k\u0131nt\u0131lar biraz olsun azald\u0131\u011f\u0131 g\u00f6zlenmektedir. Aileler, 1 hafta boyunca \u00e7ocuklar\u0131n\u0131n yan\u0131nda bulunuyor fakat her \u00e7ocuk ayn\u0131 tepkiyi vermeyebilir, \u00f6\u011fretmenler bu durumu anlay\u0131\u015fla kar\u015f\u0131lamal\u0131. \u00c7ocuk, ihtiyac\u0131 oldu\u011fu zaman annesini yan\u0131nda bulabilece\u011fini hissedebilmeli. Bir yandan da \u2018\u015eu an ben senin yan\u0131nda duruyorum ama ilerleyen d\u00f6nemlerde sen de s\u0131n\u0131ftaki di\u011fer arkada\u015flar\u0131n gibi oturmal\u0131s\u0131n\u2019 gibi belli zamanlarda \u00e7ocukla konu\u015fulmal\u0131. S\u0131k\u0131nt\u0131n\u0131n devam etmesi durumunda ise annenin daha sab\u0131rl\u0131 olmas\u0131 davran\u0131\u015f g\u00f6stermelidir.<\/p>\n<p>\u0130lk haftadan sonra \u00e7ocuk h\u00e2l\u00e2 al\u0131\u015fmamakta \u0131srar ediyorsa anne, s\u0131n\u0131f d\u0131\u015f\u0131nda beklemeli. \u00c7ocuk ihtiya\u00e7 duydu\u011fu anda \u2018Annem burada m\u0131?\u2019 diye sordu\u011fu zaman gidip g\u00f6rebilmeli. B\u00f6ylelikle \u00e7ocukta \u2018Annem beni burada b\u0131rak\u0131p gitmeyecek\u2019 d\u00fc\u015f\u00fcncesi yerle\u015fir. Bu sa\u011fland\u0131\u011f\u0131 vakit, anne bu sefer s\u0131n\u0131f d\u0131\u015f\u0131nda bir yerde beklemeli. \u00d6nceden istedi\u011fi zaman \u00e7ocuk d\u0131\u015far\u0131 \u00e7\u0131k\u0131p annesini g\u00f6rebilecekken ilerleyen s\u00fcre\u00e7te birka\u00e7 dakikal\u0131k bir g\u00f6r\u00fc\u015fme istenebilir. Burada a\u015famal\u0131 olarak \u00e7ocu\u011fu s\u0131n\u0131fa al\u0131\u015ft\u0131rmak gerekiyor.<\/p>\n<\/div>\n<p>&nbsp;<\/p>\n<div>Profesyonel E\u011fitim ve \u00d6\u011frenci Dan\u0131\u015fmanl\u0131\u011f\u0131 Deste\u011fi Almak \u0130\u00e7in Randevu Al\u0131n\u0131z.<\/div>\n<div><\/div>\n<div><a href=\"http:\/\/www.okanbal.com\/randevu-al\" target=\"_blank\" rel=\"noopener\"><img loading=\"lazy\" decoding=\"async\" class=\"alignnone size-full wp-image-2455\" src=\"http:\/\/i1.wp.com\/www.okanbal.com\/wp-content\/uploads\/2016\/08\/psikolojik-danisma-ogrenci-danismanligi-randevual1-gaziantep.png?resize=298%2C95\" alt=\"psikolojik-danisma-ogrenci-danismanligi-randevual1-gaziantep\" width=\"298\" height=\"95\" \/><\/a><\/div>\n","protected":false},"excerpt":{"rendered":"<p>\u00c7ocuklar okula ilk ba\u015flad\u0131\u011f\u0131nda anne ve babadan ayr\u0131lma endi\u015fesi duyar. Bir\u00e7ok \u00e7ocuk, okula gitmek istemez ya da annesini yan\u0131nda g\u00f6rmek&#46;&#46;&#46;<\/p>\n","protected":false},"author":1,"featured_media":3380,"comment_status":"open","ping_status":"open","sticky":false,"template":"","format":"standard","meta":{"footnotes":""},"categories":[12,28,119,91],"tags":[300,264,267,268,269,270,216,233,228,255,256,257],"class_list":["post-3379","post","type-post","status-publish","format-standard","has-post-thumbnail","hentry","category-egitim-ogrenci-danismanligi","category-pdr-rehberlik-resmiyet","category-psikoloji","category-psikolojik-danisma","tag-cocuklarda-okul-kaygisi-anne-destegiyle-asiliyor","tag-ders-calisma","tag-istanbul-ogrenci-danismani","tag-izmir-ogrenci-kocu","tag-okul-korkusu","tag-okula-uyum-sorunu","tag-online-danismanlik","tag-online-egitim-danismani","tag-online-ogrenci-danismani","tag-online-ogrenci-kocu","tag-online-sinav-danismani","tag-rehber-ogretmen"],"_links":{"self":[{"href":"https:\/\/www.ogrencikocuokanbal.com.tr\/blog\/wp-json\/wp\/v2\/posts\/3379","targetHints":{"allow":["GET"]}}],"collection":[{"href":"https:\/\/www.ogrencikocuokanbal.com.tr\/blog\/wp-json\/wp\/v2\/posts"}],"about":[{"href":"https:\/\/www.ogrencikocuokanbal.com.tr\/blog\/wp-json\/wp\/v2\/types\/post"}],"author":[{"embeddable":true,"href":"https:\/\/www.ogrencikocuokanbal.com.tr\/blog\/wp-json\/wp\/v2\/users\/1"}],"replies":[{"embeddable":true,"href":"https:\/\/www.ogrencikocuokanbal.com.tr\/blog\/wp-json\/wp\/v2\/comments?post=3379"}],"version-history":[{"count":0,"href":"https:\/\/www.ogrencikocuokanbal.com.tr\/blog\/wp-json\/wp\/v2\/posts\/3379\/revisions"}],"wp:featuredmedia":[{"embeddable":true,"href":"https:\/\/www.ogrencikocuokanbal.com.tr\/blog\/wp-json\/wp\/v2\/media\/3380"}],"wp:attachment":[{"href":"https:\/\/www.ogrencikocuokanbal.com.tr\/blog\/wp-json\/wp\/v2\/media?parent=3379"}],"wp:term":[{"taxonomy":"category","embeddable":true,"href":"https:\/\/www.ogrencikocuokanbal.com.tr\/blog\/wp-json\/wp\/v2\/categories?post=3379"},{"taxonomy":"post_tag","embeddable":true,"href":"https:\/\/www.ogrencikocuokanbal.com.tr\/blog\/wp-json\/wp\/v2\/tags?post=3379"}],"curies":[{"name":"wp","href":"https:\/\/api.w.org\/{rel}","templated":true}]}}