{"id":4234,"date":"2022-11-01T20:50:00","date_gmt":"2022-11-01T17:50:00","guid":{"rendered":"http:\/\/www.okanbal.com\/?p=4234"},"modified":"2022-11-01T20:50:00","modified_gmt":"2022-11-01T17:50:00","slug":"problemli-ogrenci-yoktur-problemi-olan-ogrenci-vardir","status":"publish","type":"post","link":"https:\/\/www.ogrencikocuokanbal.com.tr\/blog\/4234\/problemli-ogrenci-yoktur-problemi-olan-ogrenci-vardir\/","title":{"rendered":"Problemli \u00d6\u011frenci Yoktur Problemi Olan \u00d6\u011frenci Vard\u0131r"},"content":{"rendered":"<p><strong>Problemli \u00f6\u011frenci konusu<\/strong>nda \u00f6nemli olan bu t\u00fcr davran\u0131\u015flar\u0131n nedenlerinden \u00e7ok, s\u0131n\u0131f \u00f6\u011fretmenin, s\u0131n\u0131f ortam\u0131n\u0131 olumsuz etkileyen bu davran\u0131\u015flar kar\u015f\u0131s\u0131nda nas\u0131l bir yol izleyece\u011fidir. Asl\u0131nda \u00f6\u011frencinin sahip oldu\u011fu problem vard\u0131r. \u00d6\u011frenci tamamen problem de\u011fildir.<\/p>\n<p>Ancak bu \u015fekilde \u00f6\u011fretmen, <em>s\u0131n\u0131f i\u00e7inde kar\u015f\u0131la\u015f\u0131lan problemlerl<\/em>e (nedeni ne olursa olsun) ba\u015f edebilir.<\/p>\n<p>\u00d6\u011fretmenlerin unutmamas\u0131 gereken, s\u0131n\u0131f i\u00e7indeki <strong>problem davran\u0131\u015flar<\/strong>\u0131n \u00fcstesinden gelmede, kontrol\u00fcn kendilerinde oldu\u011fudur.<\/p>\n<p>Anne-babalar\u0131n \u00e7ocuklar\u0131n\u0131n s\u0131n\u0131f i\u00e7indeki problem davran\u0131\u015flar\u0131ndan sorumlu tutulmas\u0131 veya onlardan bu konuda bir \u015fey yapmalar\u0131m beklemek \u00e7ok da fazla \u00e7\u00f6z\u00fcm sa\u011flamayacakt\u0131r.<\/p>\n<p>S\u0131n\u0131f \u00f6\u011fretmenlerinin problem davran\u0131\u015flar kar\u015f\u0131s\u0131nda neler yap\u0131labilece\u011fini bilmesi, olumlu s\u0131n\u0131f ortam\u0131n\u0131n sa\u011flanmas\u0131 ve e\u011fitim-\u00f6\u011fretim ama\u00e7lar\u0131n\u0131n ger\u00e7ekle\u015ftirilebilmesi i\u00e7in birincil ko\u015fuldur.<\/p>\n<p>Sonu\u00e7 olarak s\u0131n\u0131f \u00f6\u011fretmeni olarak nas\u0131l bir s\u0131n\u0131f ortam\u0131na sahip olmak, \u00f6\u011frencilerinizin nas\u0131l bir \u00f6\u011fretmen modeli g\u00f6rmesin! istiyorsan\u0131z s\u0131n\u0131f\u0131n\u0131z\u0131 o \u015fekilde y\u00f6netmelisiniz.<\/p>\n<p>Hep olumsuzluklar\u0131 g\u00f6ren yakalayan, ceza veren, \u00f6\u011frencilerim hep ele\u015ftiren, tutars\u0131z davranan bir model mi, yoksa olumlu davran\u0131\u015flar\u0131 fark edip, takdir eden, adil, tutarl\u0131 olumlu bir model olmay\u0131 m\u0131 se\u00e7iyorsunuz?<\/p>\n<p>Unutmay\u0131n\u0131z ki \u00f6\u011frettiklerinizden \u00e7ok davran\u0131\u015flar\u0131n\u0131zla kalacaks\u0131n\u0131z \u00f6\u011frencilerinizin belle\u011finde ve en \u00f6nemli sorumlulu\u011funuz onlara nas\u0131l bir model oldu\u011funuzdur.<\/p>\n<p>E\u011fitimciler olarak okul ve s\u0131n\u0131f ortamlar\u0131nda davran\u0131\u015f de\u011fi\u015fiklikleri ger\u00e7ekle\u015ftirmek i\u00e7in elimizde sihirli, mucizevi bir \u00e7\u00f6z\u00fcm yok.<\/p>\n<p>Nedeni ne olursa olsun kar\u015f\u0131la\u015ft\u0131\u011f\u0131m\u0131z problemlerle ba\u015f etmede tek g\u00fcc\u00fcm\u00fcz bizim bu problemler kar\u015f\u0131s\u0131nda izleyece\u011fimiz yoldur.<\/p>\n","protected":false},"excerpt":{"rendered":"<p>Problemli \u00f6\u011frenci konusunda \u00f6nemli olan bu t\u00fcr davran\u0131\u015flar\u0131n nedenlerinden \u00e7ok, s\u0131n\u0131f \u00f6\u011fretmenin, s\u0131n\u0131f ortam\u0131n\u0131 olumsuz etkileyen bu davran\u0131\u015flar kar\u015f\u0131s\u0131nda nas\u0131l&#46;&#46;&#46;<\/p>\n","protected":false},"author":1,"featured_media":4235,"comment_status":"open","ping_status":"open","sticky":false,"template":"","format":"standard","meta":{"footnotes":""},"categories":[12,119,91],"tags":[379,239,307,380,381,382],"class_list":["post-4234","post","type-post","status-publish","format-standard","has-post-thumbnail","hentry","category-egitim-ogrenci-danismanligi","category-psikoloji","category-psikolojik-danisma","tag-egitim-danismani","tag-gaziantep-ogrenci-kocu","tag-ogrenci-kocu","tag-problem-davranislar","tag-problemli-ogrenci-konusu","tag-sinif-icinde-karsilasilan-problemlerl"],"_links":{"self":[{"href":"https:\/\/www.ogrencikocuokanbal.com.tr\/blog\/wp-json\/wp\/v2\/posts\/4234","targetHints":{"allow":["GET"]}}],"collection":[{"href":"https:\/\/www.ogrencikocuokanbal.com.tr\/blog\/wp-json\/wp\/v2\/posts"}],"about":[{"href":"https:\/\/www.ogrencikocuokanbal.com.tr\/blog\/wp-json\/wp\/v2\/types\/post"}],"author":[{"embeddable":true,"href":"https:\/\/www.ogrencikocuokanbal.com.tr\/blog\/wp-json\/wp\/v2\/users\/1"}],"replies":[{"embeddable":true,"href":"https:\/\/www.ogrencikocuokanbal.com.tr\/blog\/wp-json\/wp\/v2\/comments?post=4234"}],"version-history":[{"count":0,"href":"https:\/\/www.ogrencikocuokanbal.com.tr\/blog\/wp-json\/wp\/v2\/posts\/4234\/revisions"}],"wp:featuredmedia":[{"embeddable":true,"href":"https:\/\/www.ogrencikocuokanbal.com.tr\/blog\/wp-json\/wp\/v2\/media\/4235"}],"wp:attachment":[{"href":"https:\/\/www.ogrencikocuokanbal.com.tr\/blog\/wp-json\/wp\/v2\/media?parent=4234"}],"wp:term":[{"taxonomy":"category","embeddable":true,"href":"https:\/\/www.ogrencikocuokanbal.com.tr\/blog\/wp-json\/wp\/v2\/categories?post=4234"},{"taxonomy":"post_tag","embeddable":true,"href":"https:\/\/www.ogrencikocuokanbal.com.tr\/blog\/wp-json\/wp\/v2\/tags?post=4234"}],"curies":[{"name":"wp","href":"https:\/\/api.w.org\/{rel}","templated":true}]}}