{"id":5173,"date":"2017-04-24T11:59:36","date_gmt":"2017-04-24T08:59:36","guid":{"rendered":"http:\/\/www.okanbal.com\/?p=5173"},"modified":"2017-04-24T11:59:36","modified_gmt":"2017-04-24T08:59:36","slug":"cok-ders-calis-baskisi-cocuktaki-kaygiyi-arttiriyor","status":"publish","type":"post","link":"https:\/\/www.ogrencikocuokanbal.com.tr\/blog\/5173\/cok-ders-calis-baskisi-cocuktaki-kaygiyi-arttiriyor\/","title":{"rendered":"\u00c7ok Ders \u00c7al\u0131\u015f Bask\u0131s\u0131 \u00c7ocuktaki Kayg\u0131y\u0131 Artt\u0131r\u0131yor"},"content":{"rendered":"<p>Velilerin s\u0131k\u00e7a tekrarlad\u0131\u011f\u0131 \u00e7ok \u00e7al\u0131\u015f c\u00fcmlesi, ba\u015far\u0131y\u0131 getirmedi\u011fi gibi kayg\u0131y\u0131 art\u0131r\u0131yor. Ba\u015far\u0131ya ula\u015fmak i\u00e7in zaman kavram\u0131 \u00f6nemlidir. Zaman kavram\u0131 \u00e7ocuklarda be\u015f ya\u015f\u0131ndan itibaren geli\u015fmeye ba\u015fl\u0131yor, ba\u015far\u0131 i\u00e7in neler yap\u0131lmas\u0131 gerekti\u011fi \u00fczerinde duruluyor. Velilerden \u00e7ocuklar\u0131na g\u00fcvenmeleri ve onlara zaman ay\u0131rmalar\u0131 \u00e7ok \u00e7al\u0131\u015f bask\u0131s\u0131n\u0131n kayg\u0131y\u0131 art\u0131rmaktan \u00f6te rol oynamaktad\u0131r. Velilerin hedef belirlemede \u00e7ocuklara yard\u0131mc\u0131 olmas\u0131 \u00f6\u011frencinin motivasyonunu art\u0131ran en \u00f6nemli fakt\u00f6r\u00fcn ana-baba takdiri oldu\u011fudur. Velilere, \u00e7ocu\u011funuzu takdir edin. Zaman\u0131 verimli kullanmalar\u0131n\u0131 sa\u011flamak i\u00e7in \u00e7ocuklara \u00e7ok k\u00fc\u00e7\u00fck ya\u015flardan itibaren baz\u0131 al\u0131\u015fkanl\u0131klar\u0131n kazand\u0131r\u0131lmas\u0131 gerekiyor.<\/p>\n<p><strong>\u00d6\u011frenciler neler yapmal\u0131?<\/strong><\/p>\n<p>* Ama\u00e7 ve hedeflerinizi belirleyin.<\/p>\n<p>* Plan yapma al\u0131\u015fkanl\u0131\u011f\u0131 kazan\u0131n ve \u00f6nceliklerinizi belirleyin.<\/p>\n<p>* Ki\u015fisel geli\u015fime zaman ay\u0131r\u0131n (kitap okuma al\u0131\u015fkanl\u0131\u011f\u0131, hobi al\u0131\u015fkanl\u0131\u011f\u0131 vb.).<\/p>\n<p>* \u00c7ok \u00e7al\u0131\u015fmak ba\u015far\u0131y\u0131 getirmez, planl\u0131 \u00e7al\u0131\u015farak ba\u015far\u0131y\u0131 elde edebilirsiniz.<\/p>\n<p>* D\u00fczensiz aral\u0131klarla sadece s\u0131navlarda ders \u00e7al\u0131\u015faca\u011f\u0131n\u0131za, her g\u00fcn yar\u0131m saat ders \u00e7al\u0131\u015farak ba\u015far\u0131y\u0131 elde edebilirsiniz.<\/p>\n<p>* Zaman\u0131n\u0131z\u0131 planlayarak arkada\u015flar\u0131n\u0131za vakit ay\u0131r\u0131n.<\/p>\n<p>* Ders s\u0131ras\u0131nda not tutma al\u0131\u015fkanl\u0131\u011f\u0131 edinin.<\/p>\n<p>* Erteleme al\u0131\u015fkanl\u0131\u011f\u0131ndan vazge\u00e7in.<\/p>\n<p>* Ba\u015far\u0131l\u0131 olaca\u011f\u0131n\u0131z konusunda kendinize g\u00fcvenin.<\/p>\n","protected":false},"excerpt":{"rendered":"<p>Velilerin s\u0131k\u00e7a tekrarlad\u0131\u011f\u0131 \u00e7ok \u00e7al\u0131\u015f c\u00fcmlesi, ba\u015far\u0131y\u0131 getirmedi\u011fi gibi kayg\u0131y\u0131 art\u0131r\u0131yor. Ba\u015far\u0131ya ula\u015fmak i\u00e7in zaman kavram\u0131 \u00f6nemlidir. Zaman kavram\u0131 \u00e7ocuklarda&#46;&#46;&#46;<\/p>\n","protected":false},"author":1,"featured_media":5174,"comment_status":"open","ping_status":"open","sticky":false,"template":"","format":"standard","meta":{"footnotes":""},"categories":[12,28,119,91],"tags":[489,379,239,224,307,3,470],"class_list":["post-5173","post","type-post","status-publish","format-standard","has-post-thumbnail","hentry","category-egitim-ogrenci-danismanligi","category-pdr-rehberlik-resmiyet","category-psikoloji","category-psikolojik-danisma","tag-cok-ders-calis-baskisi","tag-egitim-danismani","tag-gaziantep-ogrenci-kocu","tag-ogrenci-danismani","tag-ogrenci-kocu","tag-ogrenci-kocu-gaziantep","tag-ogrenci-psikologu"],"_links":{"self":[{"href":"https:\/\/www.ogrencikocuokanbal.com.tr\/blog\/wp-json\/wp\/v2\/posts\/5173","targetHints":{"allow":["GET"]}}],"collection":[{"href":"https:\/\/www.ogrencikocuokanbal.com.tr\/blog\/wp-json\/wp\/v2\/posts"}],"about":[{"href":"https:\/\/www.ogrencikocuokanbal.com.tr\/blog\/wp-json\/wp\/v2\/types\/post"}],"author":[{"embeddable":true,"href":"https:\/\/www.ogrencikocuokanbal.com.tr\/blog\/wp-json\/wp\/v2\/users\/1"}],"replies":[{"embeddable":true,"href":"https:\/\/www.ogrencikocuokanbal.com.tr\/blog\/wp-json\/wp\/v2\/comments?post=5173"}],"version-history":[{"count":0,"href":"https:\/\/www.ogrencikocuokanbal.com.tr\/blog\/wp-json\/wp\/v2\/posts\/5173\/revisions"}],"wp:featuredmedia":[{"embeddable":true,"href":"https:\/\/www.ogrencikocuokanbal.com.tr\/blog\/wp-json\/wp\/v2\/media\/5174"}],"wp:attachment":[{"href":"https:\/\/www.ogrencikocuokanbal.com.tr\/blog\/wp-json\/wp\/v2\/media?parent=5173"}],"wp:term":[{"taxonomy":"category","embeddable":true,"href":"https:\/\/www.ogrencikocuokanbal.com.tr\/blog\/wp-json\/wp\/v2\/categories?post=5173"},{"taxonomy":"post_tag","embeddable":true,"href":"https:\/\/www.ogrencikocuokanbal.com.tr\/blog\/wp-json\/wp\/v2\/tags?post=5173"}],"curies":[{"name":"wp","href":"https:\/\/api.w.org\/{rel}","templated":true}]}}