{"id":5627,"date":"2017-09-02T19:29:30","date_gmt":"2017-09-02T16:29:30","guid":{"rendered":"http:\/\/www.okanbal.com\/?p=5627"},"modified":"2024-07-24T21:47:04","modified_gmt":"2024-07-24T21:47:04","slug":"okula-kayit-durumu-ve-okul-kayit-yasi","status":"publish","type":"post","link":"https:\/\/www.ogrencikocuokanbal.com.tr\/blog\/5627\/okula-kayit-durumu-ve-okul-kayit-yasi\/","title":{"rendered":"Okula Kay\u0131t Durumu ve Okul Kay\u0131t Ya\u015f\u0131"},"content":{"rendered":"<p>2017-2018 e\u011fitim ve \u00f6\u011fretim y\u0131l\u0131 i\u00e7in\u00a0<strong>30 Eyl\u00fcl 2017<\/strong>\u00a0tarihi itibari ile \u00a066 ayl\u0131\u011f\u0131n\u0131 tamamlayan t\u00fcm \u00e7ocuklar\u0131n okul kay\u0131t i\u015flemleri e-okul sistemi \u00fczerinden merkezi olarak yap\u0131lacakt\u0131r.<\/p>\n<p><strong>Okul \u00f6ncesi e\u011fitim i\u00e7in\u00a030 Eyl\u00fcl 2017 tarihi itibari ile \u00a037-66 ay aras\u0131ndaki \u00e7ocuklar\u0131n anaokulunda veya uygulama s\u0131n\u0131flar\u0131nda, 48-66 ay aras\u0131ndaki \u00e7ocuklar\u0131n ise ana s\u0131n\u0131flar\u0131nda e\u011fitim almalar\u0131 sa\u011flanacak. <\/strong><\/p>\n<p>2017-2018 E\u011fitim \u00d6\u011fretim y\u0131l\u0131 ba\u015flamadan herkes okula kay\u0131t takvimini merak ediyordu.<\/p>\n<p>Sonunda okula kay\u0131t ya\u015f\u0131 ve kay\u0131t durumunu i\u00e7eren takvim belli oldu.<\/p>\n<p><strong>Do\u011fum ay\u0131 A\u011fustos 2011\u00a0ve \u00f6ncesi olanlar, Eyl\u00fcl 2017 itibariyle 73 ve daha b\u00fcy\u00fck olan\u00a0\u00f6\u011frenciler ve Eyl\u00fcl 2011 do\u011fumlu ve Eyl\u00fcl 2017 itibariyle 72 ayl\u0131k olan \u00f6\u011frenciler i\u00e7in kay\u0131t zorunlu. <\/strong><\/p>\n<p>Ekim 2011, Kas\u0131m 2011, Aral\u0131k 2011 do\u011fumlu, Eyl\u00fcl 2017 itibariyle 71, 70, 69 ayl\u0131k olanlar i\u00e7in\u00a0kay\u0131t\u00a0zorunlu fakat doktor raporuyla kay\u0131t olmayabilir.<\/p>\n<p><strong>Ocak 2012, \u015eubat 2012, Mart 2012 do\u011fumlu, Eyl\u00fcl 2017 itibariyle 68,67, 66 ayl\u0131k olanlar i\u00e7in kay\u0131t zorunlu fakat veli dilek\u00e7esiyle kay\u0131t olmayabilir. <\/strong><\/p>\n<p>Nisan 2012, May\u0131s 2012, Haziran 2012, Temmuz 2012, A\u011fustos 2012, Eyl\u00fcl 2012 do\u011fumlu olanlar, Eyl\u00fcl 2017 itibariyle 65, 64, 63, 62, 61, 60 ayl\u0131k olanlar i\u00e7in kay\u0131t zorunlu de\u011fil iste\u011fe ba\u011fl\u0131 veli dilek\u00e7esiyle kay\u0131t olabilir.<\/p>\n<p><strong>Ekim 2012 do\u011fumlu, Eyl\u00fcl 2017 itibariyle 59 ve daha k\u00fc\u00e7\u00fck ayl\u0131k olanlar i\u00e7in kay\u0131t hi\u00e7 bir \u015fartla olmaz. <\/strong><\/p>\n<p>2017-2018 e\u011fitim \u00f6\u011fretim y\u0131l\u0131nda \u00f6\u011frenci kay\u0131tlar\u0131nda, 30 Eyl\u00fcl 2017 tarihi itibariyle,\u00a048-60 aylar\u0131 aras\u0131nda ise Ana s\u0131n\u0131f\u0131na, 60-68 ay aras\u0131nda ise \u0130ste\u011fe Ba\u011fl\u0131 1.S\u0131n\u0131f veya\u00a0<strong>Anas\u0131n\u0131f\u0131<\/strong>na, 68 ay ve yukar\u0131 ise zorunlu olarak sistem \u00fczerinden 1.s\u0131n\u0131fa kaydolur.<\/p>\n<p><strong>72 aydan k\u00fc\u00e7\u00fck olanlar sa\u011fl\u0131k raporuyla okula g\u00f6ndermeyebilirler.<\/strong><\/p>\n<p><strong>2017 okullar ne zaman a\u00e7\u0131lacak? sorusu s\u0131k\u00e7a sorulmakta\u2026<\/strong><\/p>\n<p>2017-2018 E\u011fitim \u00f6\u011fretim y\u0131l\u0131\u00a0<strong>18 Eyl\u00fcl 2017 Pazartesi g\u00fcn\u00fc<\/strong>, okul \u00f6ncesi, ilkokul birinci s\u0131n\u0131f, ortaokul ve imam hatip ortaokullar\u0131n\u0131n 5\u2019inci s\u0131n\u0131flar\u0131ndaki \u00f6\u011frenciler e\u011fitim ve \u00f6\u011fretime haz\u0131rlanmas\u0131, okullar\u0131n a\u00e7\u0131ld\u0131\u011f\u0131 hafta i\u00e7erisinde dersler ile e\u015f zamanl\u0131 olarak yap\u0131lacak.<\/p>\n","protected":false},"excerpt":{"rendered":"<p>2017-2018 e\u011fitim ve \u00f6\u011fretim y\u0131l\u0131 i\u00e7in\u00a030 Eyl\u00fcl 2017\u00a0tarihi itibari ile \u00a066 ayl\u0131\u011f\u0131n\u0131 tamamlayan t\u00fcm \u00e7ocuklar\u0131n okul kay\u0131t i\u015flemleri e-okul sistemi&#46;&#46;&#46;<\/p>\n","protected":false},"author":1,"featured_media":5628,"comment_status":"open","ping_status":"open","sticky":false,"template":"","format":"standard","meta":{"footnotes":""},"categories":[12,240],"tags":[520,521,522,523,524],"class_list":["post-5627","post","type-post","status-publish","format-standard","has-post-thumbnail","hentry","category-egitim-ogrenci-danismanligi","category-pedagog","tag-2017-2018-ay-hesaplamalari","tag-2017-2018-okula-kayit-durumu","tag-71-ay-kayit","tag-72-ay-kayit","tag-okula-kayit"],"_links":{"self":[{"href":"https:\/\/www.ogrencikocuokanbal.com.tr\/blog\/wp-json\/wp\/v2\/posts\/5627","targetHints":{"allow":["GET"]}}],"collection":[{"href":"https:\/\/www.ogrencikocuokanbal.com.tr\/blog\/wp-json\/wp\/v2\/posts"}],"about":[{"href":"https:\/\/www.ogrencikocuokanbal.com.tr\/blog\/wp-json\/wp\/v2\/types\/post"}],"author":[{"embeddable":true,"href":"https:\/\/www.ogrencikocuokanbal.com.tr\/blog\/wp-json\/wp\/v2\/users\/1"}],"replies":[{"embeddable":true,"href":"https:\/\/www.ogrencikocuokanbal.com.tr\/blog\/wp-json\/wp\/v2\/comments?post=5627"}],"version-history":[{"count":1,"href":"https:\/\/www.ogrencikocuokanbal.com.tr\/blog\/wp-json\/wp\/v2\/posts\/5627\/revisions"}],"predecessor-version":[{"id":16334,"href":"https:\/\/www.ogrencikocuokanbal.com.tr\/blog\/wp-json\/wp\/v2\/posts\/5627\/revisions\/16334"}],"wp:featuredmedia":[{"embeddable":true,"href":"https:\/\/www.ogrencikocuokanbal.com.tr\/blog\/wp-json\/wp\/v2\/media\/5628"}],"wp:attachment":[{"href":"https:\/\/www.ogrencikocuokanbal.com.tr\/blog\/wp-json\/wp\/v2\/media?parent=5627"}],"wp:term":[{"taxonomy":"category","embeddable":true,"href":"https:\/\/www.ogrencikocuokanbal.com.tr\/blog\/wp-json\/wp\/v2\/categories?post=5627"},{"taxonomy":"post_tag","embeddable":true,"href":"https:\/\/www.ogrencikocuokanbal.com.tr\/blog\/wp-json\/wp\/v2\/tags?post=5627"}],"curies":[{"name":"wp","href":"https:\/\/api.w.org\/{rel}","templated":true}]}}