{"id":5803,"date":"2017-10-13T12:02:02","date_gmt":"2017-10-13T09:02:02","guid":{"rendered":"http:\/\/www.okanbal.com\/?p=5803"},"modified":"2017-10-13T12:02:02","modified_gmt":"2017-10-13T09:02:02","slug":"yeni-universite-sinavi-yuksekogretim-kurumlari-sinavi-nedir","status":"publish","type":"post","link":"https:\/\/www.ogrencikocuokanbal.com.tr\/blog\/5803\/yeni-universite-sinavi-yuksekogretim-kurumlari-sinavi-nedir\/","title":{"rendered":"Yeni \u00dcniversite S\u0131nav\u0131; Y\u00fcksek\u00f6\u011fretim Kurumlar\u0131 S\u0131nav\u0131 Nedir?"},"content":{"rendered":"<p>2018-2019 e\u011fitim \u00f6\u011fretim y\u0131l\u0131nda y\u00fcksek\u00f6\u011fretime giri\u015f s\u0131nav\u0131n\u0131n yeni ad\u0131 <strong>Y\u00fcksek\u00f6\u011fretim Kurumlar\u0131 S\u0131nav\u0131\u2019d\u0131r<\/strong>.<\/p>\n<p>Y\u00fcksek\u00f6\u011fretim Kurumlar\u0131 S\u0131nav\u0131\u2019nda, adaylar iki ayr\u0131 oturuma kat\u0131lacaklard\u0131r. \u0130lk oturumda, adaylar Temel Yeterlilik Testi\u2019ni alacaklard\u0131r. Bu testte adaylar\u0131n muhakeme, ak\u0131l y\u00fcr\u00fctme, mant\u0131kl\u0131 d\u00fc\u015f\u00fcnme odakl\u0131 s\u00f6zel ve say\u0131sal becerilerinin, yani T\u00fcrkc\u0327e\u2019yi do\u011fru kullanma, okuma ve anlama, dil hakimiyeti ile matematiksel ili\u015fkilerden yararlanman\u0131n \u00f6lc\u0327\u00fclmesi amac\u0327lanmaktad\u0131r. Bunun \u00f6rnekleri d\u00fcnyada sec\u0327kin y\u00fcksek\u00f6\u011fretim sistemlerinde mevcuttur.<\/p>\n<p>\u00d6\u011fleden sonraki ikinci oturumda ise adaylar\u0131n \u00f6nceki y\u0131llarda takip edilen usule uygun olarak lise m\u00fcfredat\u0131na dair bilgisi esas al\u0131nacakt\u0131r.<\/p>\n<p><strong>Y\u00fcksek\u00f6\u011fretim Kurumlar\u0131 S\u0131nav\u0131 Takvimi<\/strong><\/p>\n<p>Y\u00fcksek\u00f6\u011fretim Kurumlar\u0131 S\u0131nav\u0131, Dil s\u0131nav\u0131 haric\u0327 Haziran ay\u0131n\u0131n bir hafta sonu Cumartesi g\u00fcn\u00fc yap\u0131lacak iki oturumlu bir s\u0131navla gerc\u0327ekle\u015fecektir. Yabanc\u0131 Dil s\u0131nav\u0131 ise ayn\u0131 hafta sonu Pazar g\u00fcn\u00fc tek oturumda gerc\u0327ekle\u015ftirilecek ve soru say\u0131s\u0131 80 olacakt\u0131r.<\/p>\n<p><strong>Birinci Oturum<\/strong><\/p>\n<p>T\u00fcrkc\u0327e ve Temel Matematik sorular\u0131ndan olu\u015fan Temel Yeterlilik Testi olup, T\u00fcrkc\u0327e ve Temel Matematik sorular\u0131 gec\u0327ti\u011fimiz senelerde oldu\u011fu gibi bu s\u0131navda da Milli E\u011fitim Bakanl\u0131\u011f\u0131m\u0131z\u0131n ortak m\u00fcfredat\u0131na dayal\u0131 olacakt\u0131r.<\/p>\n<p>B\u00fct\u00fcn adaylar\u0131n birinci oturuma girmesi zorunludur.<\/p>\n<p>Birinci oturumdan sonra \u00f6\u011fle aras\u0131 verilecektir. Bu ara, adaylar\u0131n temel ihtiyac\u0327lar\u0131n\u0131 kar\u015f\u0131layabilmelerinin yan\u0131 s\u0131ra zihinsel olarak da rahatlamalar\u0131n\u0131 sa\u011flayacakt\u0131r.<\/p>\n<p><strong>Birinci Oturumun Uygulanmas\u0131<\/strong><\/p>\n<p>40 adet T\u00fcrkc\u0327e ve 40 adet Temel Matematik sorular\u0131ndan olu\u015fan Temel Yeterlilik Testi, Cumartesi g\u00fcn\u00fc sabah oturumunda gerc\u0327ekle\u015ftirilecektir. Bu s\u0131nav\u0131n sonucu adaylar\u0131n Temel Yeterlilik Testi Puan\u0131n\u0131 (TYT-Puan\u0131) belirleyecektir.<\/p>\n<p><strong>Birinci Oturumda Testlerin A\u011f\u0131rl\u0131klar\u0131<\/strong><\/p>\n<p>T\u00fcrkc\u0327e ve Temel Matematik testlerinin, Temel Yeterlilik Testi Puan\u0131n\u0131n olu\u015fmas\u0131na etkisi e\u015fittir. Yani Temel Yeterlilik Testi Puan\u0131nda, T\u00fcrkc\u0327e testinin a\u011f\u0131rl\u0131\u011f\u0131 %50, Temel Matematik testinin a\u011f\u0131rl\u0131\u011f\u0131 %50\u2019dir.<\/p>\n<p><strong>Temel Yeterlilik Testi Puan\u0131n\u0131n De\u011ferlendirilmesi <\/strong><\/p>\n<p>Bu test, \u00f6nlisans ve lisans programlar\u0131n\u0131n tercih edebilmesi ic\u0327in y\u00fcksek\u00f6\u011fretime giri\u015f baraj puanlar\u0131n\u0131 belirleyecektir. Bu sene, gec\u0327en seneki \u00f6nlisans ve lisans programlar\u0131n\u0131n tercih edilebilmesi ic\u0327in gerekli baraj puanlar\u0131nda bir de\u011fi\u015fikli\u011fe gidilmeyecektir.<\/p>\n<p>Adaylar\u0131n bir \u00f6nlisans program\u0131n\u0131 tercih edebilmeleri ic\u0327in Temel Yeterlilik Testi Puan\u0131\u2019n\u0131n (TYT-Puan\u0131) en az 150 olmas\u0131 gereklidir. Temel Yeterlilik Testi Puan\u0131 150\u2019nin alt\u0131nda olan adaylar\u0131n herhangi bir y\u00fcksek\u00f6\u011fretim program\u0131n\u0131 tercih etme hakk\u0131 bulunmayacakt\u0131r.<\/p>\n<p>Temel Yeterlilik Testi Puan\u0131 180 ve \u00fczeri olan adaylar ise lisans programlar\u0131n\u0131 tercih etmeye hak kazanacakt\u0131r.<\/p>\n<p>Temel Yeterlilik Testi Puan\u0131 200 ve \u00fczeri olan adaylar\u0131n bu puanlar\u0131, istedikleri takdirde bir sonraki y\u0131l ic\u0327in de gec\u0327erli olacakt\u0131r.<\/p>\n<p><strong>\u0130kinci Oturum<\/strong><\/p>\n<p>Bu oturumda T\u00fcrk Dili ve Edebiyat\u0131-Co\u011frafya 1, Sosyal Bilimler, Matematik ve Fen Bilimleri olmak \u00fczere d\u00f6rt test yer alacak, sorular gec\u0327ti\u011fimiz senelerde oldu\u011fu gibi bu s\u0131navda da m\u00fcfredata dayal\u0131 olacakt\u0131r. Bu kapsam da, Milli E\u011fitim Bakanl\u0131\u011f\u0131n\u0131n m\u00fcfredat\u0131d\u0131r. \u0130kinci oturum, Cumartesi g\u00fcn\u00fc \u00f6\u011fleden sonra gerc\u0327ekle\u015ftirilecektir.<\/p>\n<p><strong>\u0130kinci Oturumun Uygulanmas\u0131 <\/strong><\/p>\n<p>Cumartesi g\u00fcn\u00fc \u00f6\u011fleden sonra gerc\u0327ekle\u015ftirilecek olan ikinci oturumda, 40 adet T\u00fcrk Dili ve Edebiyat\u0131-Co\u011frafya 1, 40 adet Sosyal Bilimler (Tarih, Co\u011frafya 2, Felsefe Grubu, Din K\u00fclt\u00fcr\u00fc ve Ahlak Bilgisi), 40 adet Matematik ve 40 adet Fen Bilimleri sorular\u0131ndan olu\u015fmak \u00fczere d\u00f6rt test yer alacakt\u0131r.<\/p>\n<p>Oturumlar\u0131n s\u00fcresi gec\u0327mi\u015f y\u0131llardaki uygulamalar ve adaylar\u0131m\u0131z\u0131n s\u0131nav stresi ya\u015famamalar\u0131 hususlar\u0131 dikkate al\u0131narak belirlenecektir.<\/p>\n<p><strong>\u0130kinci Oturumda Testlerin A\u011f\u0131rl\u0131klar\u0131 <\/strong><\/p>\n<p>\u0130kinci Oturumda uygulanacak testlerin a\u011f\u0131rl\u0131klar\u0131 puan t\u00fcr\u00fcne g\u00f6re a\u015fa\u011f\u0131daki gibi olacakt\u0131r. Tercih edilecek puan t\u00fcr\u00fcne g\u00f6re:<\/p>\n<p>S\u00f6zel puanda; T\u00fcrk Dili ve Edebiyat\u0131-Co\u011frafya-1 testinin a\u011f\u0131rl\u0131\u011f\u0131 %50, Sosyal Bilimler testinin a\u011f\u0131rl\u0131\u011f\u0131 %50\u2019dir.<\/p>\n<p>Say\u0131sal Puanda; Matematik testinin a\u011f\u0131rl\u0131\u011f\u0131 %50, Fen Bilimleri testinin a\u011f\u0131rl\u0131\u011f\u0131 %50\u2019dir.<\/p>\n<p>E\u015fit A\u011f\u0131rl\u0131k Puanda; T\u00fcrk Dili ve Edebiyat\u0131-Co\u011frafya-1 testinin a\u011f\u0131rl\u0131\u011f\u0131 %50, Matematik testinin a\u011f\u0131rl\u0131\u011f\u0131 %50\u2019dir.<\/p>\n<p><strong>Yerle\u015ftirme <\/strong><\/p>\n<p>\u00d6nlisans programlar\u0131nda; Temel Yeterlilik Testi Puan\u0131 esas al\u0131nmakta,<\/p>\n<p>Temel Yeterlilik Puan\u0131 (TYT-Puan\u0131):[T\u00fcrkc\u0327e Testi (%50)] +[Temel Matematik Testi (%50)]<\/p>\n<p>Lisans programlar\u0131nda ise; D\u00f6rt puan t\u00fcr\u00fc (S\u00f6zel, Say\u0131sal, E\u015fit A\u011f\u0131rl\u0131k, Dil) esas al\u0131nmaktad\u0131r.<\/p>\n<p>S\u00f6zel, Say\u0131sal, E\u015fit A\u011f\u0131rl\u0131k ve Dil puanlar\u0131 hesaplan\u0131rken Temel Yeterlilik Testi\u2019nin etkisi %40 olacakt\u0131r.<\/p>\n<p>S\u00d6Z: [Temel Yeterlilikler Testi (%40)] + [S\u00f6zel Test (%60)]<\/p>\n<p>SAY: [Temel Yeterlilikler Testi (%40)] + [Say\u0131sal Test (%60)]<\/p>\n<p>EA: [Temel Yeterlilikler Testi (%40)] + [E\u015fit A\u011f\u0131rl\u0131k Testi (%60)]<\/p>\n<p>D\u0130L: [Temel Yeterlilikler Testi (%40)] + [Yabanc\u0131 Dil Testi (%60)]<\/p>\n<p>Belli programlar i\u00e7in getirilen ba\u015far\u0131 s\u0131ralamas\u0131 \u015fart\u0131na devam edilecektir.<\/p>\n<p><strong>\u00d6zel Yetenekle \u00d6\u011frenci Alan Programlar <\/strong><\/p>\n<p>\u00d6zel yetenekle \u00f6\u011frenci alan programlarda gec\u0327en sene oldu\u011fu gibi baraj puan\u0131 bu y\u0131l da ayn\u0131 tutulmu\u015ftur. Temel Yeterlilikler Testi\u2019ne giren ve Temel Yeterlilik Puan\u0131 en az 150 olan adaylar \u00d6zel Yetenekle \u00d6\u011frenci Alan Lisans programlar\u0131n\u0131 tercih edebileceklerdir.<\/p>\n<p><strong>OBP Hesaplamas\u0131 <\/strong><\/p>\n<p>Orta\u00f6\u011fretim Ba\u015far\u0131 Puan\u0131\u2019n\u0131n hesaplanmas\u0131nda herhangi bir de\u011fi\u015fikli\u011fe gidilmemi\u015ftir.<\/p>\n<p>Yerle\u015ftirme puanlar\u0131na etkisi gec\u0327en seneki gibi ayn\u0131 oranda olacakt\u0131r.<\/p>\n<p>Meslek lisesi mezunlar\u0131na gec\u0327en seneki alan odakl\u0131 ek puan uygulamas\u0131na devam edecektir.<\/p>\n<p>Engelli adaylara y\u00f6nelik d\u00fczenlemelerin uygulanmas\u0131na devam edilecektir.<\/p>\n<p>\u00d6zetle Yeni Sistemimiz<\/p>\n<p>\u00d8 Daha yal\u0131n, sade ve kolay anla\u015f\u0131labilir bir sistem,<\/p>\n<p>\u00d8 S\u0131nav puan t\u00fcrleri 18\u2019den, 5\u2019e indirilmi\u015ftir,<\/p>\n<p>\u00d8 S\u0131nav 5 hafta sonundan 1 hafta sonuna c\u0327ekilmi\u015f, 6 oturumdan 3 oturuma indirilmi\u015ftir.<\/p>\n<p>\u00d8 T\u00fcrkc\u0327e ve Temel Matematik\u2019in merkezde oldu\u011fu Temel Yeterlilik esasl\u0131 de\u011ferlendiren,<\/p>\n<p>\u00d8 Mesleki e\u011fitimi \u00f6nemseyen ve bu kapsamda tek bir puanla farkl\u0131 MYO programlar\u0131n\u0131 tercih etmeye imkan veren,<\/p>\n<p>\u00d8 Orta \u00f6\u011fretim kazan\u0131mlar\u0131n\u0131 ve s\u00fcrecini oda\u011f\u0131na alan ve \u00f6nemseyen,<\/p>\n<p>\u00d8 \u00d6nceki sistemde orta \u00f6\u011fretim \u00fczerinde 4 ay bask\u0131 olu\u015fturarak, e\u011fitimi aksatan olumsuzlu\u011fu ortadan kald\u0131ran,<\/p>\n<p>\u00d8 \u00d6\u011frenciler \u00fczerindeki s\u0131nav kayg\u0131s\u0131n\u0131n etkilerini azaltan bir sistemdir.<\/p>\n","protected":false},"excerpt":{"rendered":"<p>2018-2019 e\u011fitim \u00f6\u011fretim y\u0131l\u0131nda y\u00fcksek\u00f6\u011fretime giri\u015f s\u0131nav\u0131n\u0131n yeni ad\u0131 Y\u00fcksek\u00f6\u011fretim Kurumlar\u0131 S\u0131nav\u0131\u2019d\u0131r. Y\u00fcksek\u00f6\u011fretim Kurumlar\u0131 S\u0131nav\u0131\u2019nda, adaylar iki ayr\u0131 oturuma kat\u0131lacaklard\u0131r.&#46;&#46;&#46;<\/p>\n","protected":false},"author":1,"featured_media":5804,"comment_status":"open","ping_status":"open","sticky":false,"template":"","format":"standard","meta":{"footnotes":""},"categories":[12,28,34,132],"tags":[552,307,553,554,555,556,557,558,559,560,561,562,563],"class_list":["post-5803","post","type-post","status-publish","format-standard","has-post-thumbnail","hentry","category-egitim-ogrenci-danismanligi","category-pdr-rehberlik-resmiyet","category-tercih-danismani","category-tyt-ayt","tag-2018-universite-sinavi","tag-ogrenci-kocu","tag-yeni-universite-sinavi","tag-yks-deneme","tag-yks-dersleri","tag-yks-konulari","tag-yks-kurslari","tag-yks-nedir","tag-yks-sinavi","tag-yks-sorulari","tag-yks-testleri","tag-yuksekogretim-kurumlari-sinavi","tag-yuksekogretim-kurumlari-sinavi-ne-zaman"],"_links":{"self":[{"href":"https:\/\/www.ogrencikocuokanbal.com.tr\/blog\/wp-json\/wp\/v2\/posts\/5803","targetHints":{"allow":["GET"]}}],"collection":[{"href":"https:\/\/www.ogrencikocuokanbal.com.tr\/blog\/wp-json\/wp\/v2\/posts"}],"about":[{"href":"https:\/\/www.ogrencikocuokanbal.com.tr\/blog\/wp-json\/wp\/v2\/types\/post"}],"author":[{"embeddable":true,"href":"https:\/\/www.ogrencikocuokanbal.com.tr\/blog\/wp-json\/wp\/v2\/users\/1"}],"replies":[{"embeddable":true,"href":"https:\/\/www.ogrencikocuokanbal.com.tr\/blog\/wp-json\/wp\/v2\/comments?post=5803"}],"version-history":[{"count":0,"href":"https:\/\/www.ogrencikocuokanbal.com.tr\/blog\/wp-json\/wp\/v2\/posts\/5803\/revisions"}],"wp:featuredmedia":[{"embeddable":true,"href":"https:\/\/www.ogrencikocuokanbal.com.tr\/blog\/wp-json\/wp\/v2\/media\/5804"}],"wp:attachment":[{"href":"https:\/\/www.ogrencikocuokanbal.com.tr\/blog\/wp-json\/wp\/v2\/media?parent=5803"}],"wp:term":[{"taxonomy":"category","embeddable":true,"href":"https:\/\/www.ogrencikocuokanbal.com.tr\/blog\/wp-json\/wp\/v2\/categories?post=5803"},{"taxonomy":"post_tag","embeddable":true,"href":"https:\/\/www.ogrencikocuokanbal.com.tr\/blog\/wp-json\/wp\/v2\/tags?post=5803"}],"curies":[{"name":"wp","href":"https:\/\/api.w.org\/{rel}","templated":true}]}}