{"id":6114,"date":"2018-02-11T00:35:20","date_gmt":"2018-02-10T22:35:20","guid":{"rendered":"http:\/\/www.okanbal.com\/?p=6114"},"modified":"2018-02-11T00:35:20","modified_gmt":"2018-02-10T22:35:20","slug":"gec-algilama-ve-anlama-durumu-icin-ne-yapilmali","status":"publish","type":"post","link":"https:\/\/www.ogrencikocuokanbal.com.tr\/blog\/6114\/gec-algilama-ve-anlama-durumu-icin-ne-yapilmali\/","title":{"rendered":"Ge\u00e7 Alg\u0131lama ve Anlama Durumu \u0130\u00e7in Ne Yap\u0131lmal\u0131?"},"content":{"rendered":"<p>G\u00fcn\u00fcm\u00fczde \u00f6\u011frenme \u00e7ocukluk d\u00f6neminden ba\u015flar. Bir insan\u0131n \u00f6\u011frenmesi hi\u00e7bir zaman bitmez, ya\u015f\u0131 ilerledik\u00e7e \u00e7e\u015fitli konularda bilgi sahibi olmaya devam eder. Bilgi dedi\u011fimiz kavram\u0131n tabiri caizse sonu yoktur, dolayl\u0131 olarak \u00f6\u011frenmenin de bir sonu yoktur. Bu beynimizin normal durumdayken yapt\u0131\u011f\u0131 bir aktivitedir. Fakat baz\u0131 durumlarda alg\u0131lama konusunda s\u0131k\u0131nt\u0131 ya\u015fanabilir, anlamakta s\u0131k\u0131nt\u0131 \u00e7ekebiliriz. Bu durum do\u011fu\u015ftan olabilece\u011fi gibi sonradan da ortaya \u00e7\u0131kabilir. \u00c7e\u015fitli nedenler etki olarak ki\u015fide alg\u0131lama ve anlama konusunda yava\u015flama yapabilir.<\/p>\n<p><strong>Ge\u00e7 Alg\u0131lama ve Anlama Durumu Nedir?<\/strong><\/p>\n<p>Beynimiz yukar\u0131da bahsedildi\u011fi gibi normal aktivitelerinde \u00f6\u011frenmeye a\u00e7\u0131k bir organ\u0131m\u0131zd\u0131r. Tabii ki her ki\u015finin bir alg\u0131lama kapasitesi vard\u0131r fakat bu farklar bir sorun niteli\u011finde de\u011fildir. Ge\u00e7 alg\u0131lama ve anlama durumu, ad\u0131 \u00fcst\u00fcnde ki\u015finin normal bir insana g\u00f6re alg\u0131lama ve anlama durumlar\u0131nda ya\u015fad\u0131\u011f\u0131 s\u0131k\u0131nt\u0131lard\u0131r. Fakat ba\u015fta da \u00f6rnek verildi\u011fi gibi bu durum normal insandakine g\u00f6re fazla bir farklar bar\u0131nd\u0131r\u0131r. Bu y\u00fczden her ge\u00e7 alg\u0131lama durumunu sorun olarak g\u00f6rmek do\u011fru de\u011fildir.<\/p>\n<p><strong>Ge\u00e7 Alg\u0131lama ve Anlama Durumuna Neler Sebep Olur?<\/strong><\/p>\n<p>Bu sorun do\u011fu\u015ftan olabilece\u011fi gibi sonradan da olabilir. Do\u011fu\u015ftan olabilen durumlar bebeklerin kafas\u0131n\u0131n \u00fcst k\u0131sm\u0131nda bulunan b\u0131ng\u0131ldak b\u00f6lgesinden ve do\u011fu\u015ftan zeka seviyesinin daha az olmas\u0131d\u0131r. Sonradan olabilen durumlar\u0131 ise y\u00fcksek ate\u015f, sinir sisteminin y\u0131pranmas\u0131, hamilelikte kullan\u0131lan sigara ve rastgele ila\u00e7lar, uyku bozuklu\u011fu \u015feklinde s\u0131ralamak m\u00fcmk\u00fcnd\u00fcr.<\/p>\n<p><strong>1. Do\u011fu\u015ftan Kaynakl\u0131 Sorunlar<\/strong><\/p>\n<p>Bebekler do\u011fduklar\u0131nda b\u0131ng\u0131ldak b\u00f6lgeleri a\u00e7\u0131k olur ve bu b\u00f6lge zamanla kapan\u0131r. Bebe\u011fin bu b\u00f6lgesinin kapal\u0131 olarak do\u011fmas\u0131 veya normal zamandan daha ge\u00e7 kapanmas\u0131 durumlar\u0131 zeka seviyesini olumsuz etkileyebilir. Bu konuda bir doktora gitmek en do\u011fru tercih olacakt\u0131r. Ayr\u0131ca bir bebek do\u011fu\u015ftan zeka seviyesi d\u00fc\u015f\u00fck olarak do\u011fabilir. Bu durum da ge\u00e7 alg\u0131lama ve anlama konusunda s\u0131k\u0131nt\u0131 ya\u015fanmas\u0131na nedendir.<\/p>\n<p><strong>2. Y\u00fcksek Ate\u015f<\/strong><\/p>\n<p>Y\u00fcksek ate\u015f hemen hemen herkesin ba\u015f\u0131na gelebilen fakat bebekler ve \u00e7ocuklarda daha fazla g\u00f6r\u00fclen bir durumdur. V\u00fccudumuzun normal s\u0131cakl\u0131\u011f\u0131 36 derece civar\u0131ndad\u0131r. Bu s\u0131cakl\u0131\u011f\u0131n artmas\u0131 ve y\u00fcksek ate\u015f olarak tan\u0131mlan\u0131r. Uzun s\u00fcre y\u00fcksek ate\u015f durumda kalan bir ki\u015finin havale ge\u00e7irmesi sonucu beyin h\u00fccrelerinde sorunlar meydana gelebilir.<\/p>\n<p><strong>3. Sinir Sisteminin Y\u0131pranmas\u0131<\/strong><\/p>\n<p>Sinir sistemlerinin y\u0131pranmas\u0131 durumu alg\u0131lama ve anlama konusunda sorunlar \u00e7\u0131karabilir. A\u015f\u0131r\u0131 yorgunluk gibi durumlar sinir sistemini olumsuz etkileyebilir.<\/p>\n<p><strong>4. Hamilelikte Kullan\u0131lan Sigara ve Rastgele \u0130la\u00e7lar<\/strong><\/p>\n<p>Sigara kullan\u0131m\u0131 ki\u015finin kendi sa\u011fl\u0131na dahi zarar vermekle beraber hamile olan bir kad\u0131n\u0131n sigara kullanmas\u0131 bebe\u011fi i\u00e7in olumsuz bir durumdur. Hamilelik d\u00f6neminde sigara kullan\u0131m\u0131n\u0131n etkilerinden bir tanesi de bebekte olu\u015fabilen zeka gerili\u011fidir. Hamilelik d\u00f6neminde yap\u0131lan bir ba\u015fka yanl\u0131\u015f da doktorun \u00f6nermedi\u011fi ila\u00e7lar\u0131 kullanmakt\u0131r. Baz\u0131 ila\u00e7lar \u00f6zellikle hamilelik d\u00f6neminde kullan\u0131lmaz.<\/p>\n<p><strong>5. Uyku Bozuklu\u011fu<\/strong><\/p>\n<p>Uyku d\u00fczeni bir insan\u0131n sa\u011fl\u0131\u011f\u0131 i\u00e7in \u00f6nemli bir konudur. Uyku zaman\u0131nda v\u00fccut toparlan\u0131r ve yeni g\u00fcne kendini haz\u0131rlar. Uyku d\u00fczenin bozulmas\u0131 \u00e7e\u015fitli sorunlara yol a\u00e7abilir. Bu sorunlardan bir tanesi ki\u015finin g\u00fcn i\u00e7inde alg\u0131 ve anlama konular\u0131nda s\u0131k\u0131nt\u0131 ya\u015famas\u0131d\u0131r.<\/p>\n<p><strong>Ge\u00e7 Alg\u0131lama ve Anlama Durumunda Ne Yap\u0131lmal\u0131d\u0131r?<\/strong><\/p>\n<p>Bahsi ge\u00e7en durumlar\u0131n sebepleri yukar\u0131da g\u00f6r\u00fcld\u00fc\u011f\u00fc gibi \u00e7e\u015fitli konulardan olabilir. Do\u011fu\u015ftan kaynakl\u0131 sorunlar\u0131n belli ba\u015fl\u0131 kesin \u00e7\u00f6z\u00fcmleri yoktur. Tabii ki bir doktora g\u00f6r\u00fcnmeli ve neler yap\u0131labilece\u011fi konusunda dan\u0131\u015f\u0131lmal\u0131d\u0131r. Ayriyeten y\u00fcksek ate\u015f ve sinir sisteminde kal\u0131c\u0131 sorunlar i\u00e7in de bilindik kesin bir \u00e7\u00f6z\u00fcm yoktur. Ayn\u0131 \u015fekilde bu gibi ya\u015fan\u0131lan durumlar bir doktora g\u00f6r\u00fcnmekte fayda vard\u0131r. Bunlar d\u0131\u015f\u0131nda hamilelik d\u00f6neminde kullan\u0131lan sigara ve rastgele ila\u00e7lar bebe\u011fin zekas\u0131 konusunda sorun yaratabilece\u011fi i\u00e7in dikkat edilmelidir. Uyku d\u00fczeni konusunda ise ki\u015finin en uygun d\u00fczeni kendisine belirlemesi ve buna uymas\u0131 gerekir.<\/p>\n<p>Her ki\u015finin kendine has uyku ihtiyac\u0131 vard\u0131r. Bunun d\u0131\u015f\u0131na \u00e7\u0131kmaz ve uyku d\u00fczeninizi korursan\u0131z g\u00fcn i\u00e7inde uykudan kaynakl\u0131 alg\u0131lama ve anlama konusunda s\u0131k\u0131nt\u0131 ya\u015famazs\u0131n\u0131z. Vitamin eksikli\u011fi gibi durumlar da alg\u0131 ve anlama konusunda s\u0131k\u0131nt\u0131 yaratabilir. Bu sebeple kan de\u011ferleri ve vitaminleri \u00f6l\u00e7t\u00fcrmek i\u00e7in test yapt\u0131r\u0131l\u0131p doktora dan\u0131\u015f\u0131lmas\u0131nda fayda vard\u0131r. Son olarak olabildi\u011fi kadar stresten ve s\u0131k\u0131nt\u0131dan uzak durulmal\u0131d\u0131r. Kafan\u0131z\u0131n yo\u011fun oldu\u011fu zamanlarda alg\u0131lama ve anlama konular\u0131nda s\u0131k\u0131nt\u0131 ya\u015famak do\u011fal bir sonu\u00e7tur. Bu y\u00fczden bu konuya dikkat etmekte fayda vard\u0131r.<\/p>\n","protected":false},"excerpt":{"rendered":"<p>G\u00fcn\u00fcm\u00fczde \u00f6\u011frenme \u00e7ocukluk d\u00f6neminden ba\u015flar. Bir insan\u0131n \u00f6\u011frenmesi hi\u00e7bir zaman bitmez, ya\u015f\u0131 ilerledik\u00e7e \u00e7e\u015fitli konularda bilgi sahibi olmaya devam eder.&#46;&#46;&#46;<\/p>\n","protected":false},"author":1,"featured_media":6115,"comment_status":"open","ping_status":"open","sticky":false,"template":"","format":"standard","meta":{"footnotes":""},"categories":[12,28,240,119,91],"tags":[326,579,246,607,608,88,609],"class_list":["post-6114","post","type-post","status-publish","format-standard","has-post-thumbnail","hentry","category-egitim-ogrenci-danismanligi","category-pdr-rehberlik-resmiyet","category-pedagog","category-psikoloji","category-psikolojik-danisma","tag-cocuk-psikolojisi","tag-gaziantep-cocuk-psikologu","tag-gaziantep-pedagog","tag-gec-algilama","tag-gec-ogrenme","tag-ogrenme-guclugu","tag-ogrenme-zorlugu"],"_links":{"self":[{"href":"https:\/\/www.ogrencikocuokanbal.com.tr\/blog\/wp-json\/wp\/v2\/posts\/6114","targetHints":{"allow":["GET"]}}],"collection":[{"href":"https:\/\/www.ogrencikocuokanbal.com.tr\/blog\/wp-json\/wp\/v2\/posts"}],"about":[{"href":"https:\/\/www.ogrencikocuokanbal.com.tr\/blog\/wp-json\/wp\/v2\/types\/post"}],"author":[{"embeddable":true,"href":"https:\/\/www.ogrencikocuokanbal.com.tr\/blog\/wp-json\/wp\/v2\/users\/1"}],"replies":[{"embeddable":true,"href":"https:\/\/www.ogrencikocuokanbal.com.tr\/blog\/wp-json\/wp\/v2\/comments?post=6114"}],"version-history":[{"count":0,"href":"https:\/\/www.ogrencikocuokanbal.com.tr\/blog\/wp-json\/wp\/v2\/posts\/6114\/revisions"}],"wp:featuredmedia":[{"embeddable":true,"href":"https:\/\/www.ogrencikocuokanbal.com.tr\/blog\/wp-json\/wp\/v2\/media\/6115"}],"wp:attachment":[{"href":"https:\/\/www.ogrencikocuokanbal.com.tr\/blog\/wp-json\/wp\/v2\/media?parent=6114"}],"wp:term":[{"taxonomy":"category","embeddable":true,"href":"https:\/\/www.ogrencikocuokanbal.com.tr\/blog\/wp-json\/wp\/v2\/categories?post=6114"},{"taxonomy":"post_tag","embeddable":true,"href":"https:\/\/www.ogrencikocuokanbal.com.tr\/blog\/wp-json\/wp\/v2\/tags?post=6114"}],"curies":[{"name":"wp","href":"https:\/\/api.w.org\/{rel}","templated":true}]}}