{"id":7245,"date":"2019-05-25T01:28:07","date_gmt":"2019-05-24T22:28:07","guid":{"rendered":"https:\/\/www.okanbal.com\/?p=7245"},"modified":"2024-08-08T23:34:29","modified_gmt":"2024-08-08T23:34:29","slug":"cocugunuzda-okuma-bozuklugu-varsa-disleksi-olabilir","status":"publish","type":"post","link":"https:\/\/www.ogrencikocuokanbal.com.tr\/blog\/7245\/cocugunuzda-okuma-bozuklugu-varsa-disleksi-olabilir\/","title":{"rendered":"\u00c7ocu\u011funuzda Okuma bozuklu\u011fu varsa Disleksi olabilir"},"content":{"rendered":"\n<p><strong>Disleksi; \u201c\u00f6zel \u00f6\u011frenme g\u00fc\u00e7l\u00fc\u011f\u00fc\u201d olarak adland\u0131r\u0131l\u0131yor. Okul \u00f6ncesi d\u00f6nemde tespit etmek biraz zor olsa da, okul ba\u015flar ba\u015flamaz belirtileri netle\u015fiyor. Ge\u00e7 okuyup yazan bir \u00e7ocu\u011funuz varsa, dislektik \u015f\u00fcphesi ta\u015f\u0131d\u0131\u011f\u0131ndan bir uzmanla g\u00f6r\u00fc\u015fmenizde fayda var!<\/strong><\/p>\n\n\n\n<p><strong>\u00d6zg\u00fcl \u00f6\u011frenme bozuklu\u011fu nedir?<\/strong><\/p>\n\n\n\n<p>\u00d6zg\u00fcl \u00d6\u011frenme Bozuklu\u011fu (\u00d6\u00d6B) terimi zihinsel ve duyusal engellilik, ruhsal ve n\u00f6rolojik sorunlar ya da psikososyal olumsuzluklar ile a\u00e7\u0131klanamayan bir grup \u2018spesifik\u2019 \u00f6\u011frenme bozuklu\u011fu olarak ifade ediliyor.<\/p>\n\n\n\n<p>Bu bozukluktaki \u00f6\u011frenme sorunlar\u0131 bir\u00e7ok alanda g\u00f6r\u00fclebilmekle birlikte akademik olarak temelde \u00fc\u00e7 ana grup olarak \u00f6zetlenebilir:<\/p>\n\n\n\n<ul class=\"wp-block-list\">\n<li>Okuma bozuklu\u011fu (disleksi),<\/li>\n\n\n\n<li>Yaz\u0131l\u0131 anlat\u0131m bozuklu\u011fu (disgrafi),<\/li>\n\n\n\n<li>Matematik bozuklu\u011fu (diskalkuli).<\/li>\n<\/ul>\n\n\n\n<p><strong>Dislekside neler oluyor?<\/strong><\/p>\n\n\n\n<p>Disleksisi olan bireyler;<\/p>\n\n\n\n<ul class=\"wp-block-list\">\n<li>s\u00f6zc\u00fckleri do\u011fru okuma<\/li>\n\n\n\n<li>okudu\u011funu anlama<\/li>\n\n\n\n<li>okuma h\u0131zlar\u0131nda problemler ya\u015f\u0131yor.<\/li>\n<\/ul>\n\n\n\n<p><strong>Disleksi genetik mi, \u00e7evresel mi?<\/strong><\/p>\n\n\n\n<p>\u201cBir\u00e7ok gen ile ili\u015fkili bulunmu\u015ftur. Yap\u0131lan ikiz ve aile \u00e7al\u0131\u015fmalar\u0131 da genetik k\u00f6kenli bir hastal\u0131k oldu\u011funu destekliyor. Disleksisi olan bireylerin ailesinde \u00d6zg\u00fcl \u00d6\u011frenme Bozuklu\u011fu g\u00f6r\u00fclme s\u0131kl\u0131\u011f\u0131 normal pop\u00fclasyona g\u00f6re 5-12 kat artm\u0131\u015ft\u0131r. Beyin g\u00f6r\u00fcnt\u00fcleme \u00e7al\u0131\u015fmalar\u0131 neticesinde beyinde normalden farkl\u0131 yap\u0131sal \u00f6zellikler bulunmu\u015ftur. \u00c7evresel fakt\u00f6rlerden \u00f6nemlileri erken do\u011fum, d\u00fc\u015f\u00fck do\u011fum a\u011f\u0131rl\u0131\u011f\u0131, anne karn\u0131nda nikotin maruziyeti, beslenme sorunlar\u0131 ve e\u011fitim yetersizli\u011fi olarak tan\u0131mlanm\u0131\u015ft\u0131r.\u201d <\/p>\n\n\n\n<p><strong>Beslenme bozuklu\u011fu da dislekside etkili<\/strong><\/p>\n\n\n\n<p>\u00c7evresel fakt\u00f6rlerden biri olan beslenme de dislekside \u00f6nemli. Erken d\u00f6nemde k\u00f6t\u00fc beslenme beyin yap\u0131s\u0131nda baz\u0131 de\u011fi\u015fikliklere yol a\u00e7abiliyor. Vitamin ve mineral eksiklikleri de \u00f6\u011frenme bozukluklar\u0131na neden olabiliyor.<\/p>\n\n\n\n<p>\u201cE\u011fer bu \u00f6zel durumlar\u0131 fark edilip gerekli ve yeterli destek sunulmaz ise farkl\u0131 psikiyatrik hastal\u0131klar g\u00f6r\u00fclebilir. Amerikan Psikiyatri Birli\u011fi 2013 y\u0131l\u0131nda Disleksisi olan \u00e7ocuk, ergen ve eri\u015fkinlerin \u00f6zk\u0131y\u0131m a\u00e7\u0131s\u0131ndan risk grubunda oldu\u011funu belirtmi\u015ftir. Uyum sorunlar\u0131 sonras\u0131 d\u00fc\u015f\u00fck benlik alg\u0131s\u0131 geli\u015febilir\u201d <\/p>\n\n\n\n<p><strong>Sosyal becerilerde sorunlar<\/strong><\/p>\n\n\n\n<ul class=\"wp-block-list\">\n<li>Sosyal alanda sorunlar ya\u015fayabilirler.<\/li>\n\n\n\n<li>Kendilerini ifade etmekte g\u00fc\u00e7l\u00fck \u00e7ekebilirler.<\/li>\n\n\n\n<li>Kendilerine olan sayg\u0131lar\u0131 ve g\u00fcvenleri azalabilir.<\/li>\n\n\n\n<li>Kendilerini toplumdan izole edebilirler.<\/li>\n\n\n\n<li>Akademik zorluklar yan\u0131nda y\u0131llar i\u00e7inde kayg\u0131 ta\u015f\u0131yabilirler.<\/li>\n<\/ul>\n\n\n\n<p><strong>Uzmandan yard\u0131m<\/strong><\/p>\n\n\n\n<p>Dislektik oldu\u011fu \u015f\u00fcphenilen bir \u00e7ocuk i\u00e7in uzmandan yard\u0131m al\u0131nabilir.<\/p>\n\n\n\n<p>Birlikte bir plan dahilinde \u00e7ocuk s\u0131k tekrarlarla problemini a\u015fabilir.<\/p>\n\n\n\n<p>Okul ile i\u015fbirli\u011fi yap\u0131lmal\u0131d\u0131r.<\/p>\n\n\n\n<p>Dislektik \u00e7ocuklar normal s\u0131n\u0131flarda veyahut kayna\u015ft\u0131rma s\u0131n\u0131flar\u0131nda \u00f6\u011fretmen g\u00f6zetiminde olabilir.<\/p>\n\n\n\n<p>Ek dersler alabilir.<\/p>\n\n\n\n<p>Dikkat s\u00fcreleri k\u0131sa oldu\u011fundan akademik programlar buna g\u00f6re d\u00fczenlenebilir.<\/p>\n\n\n\n<p>Haf\u0131za kartlar\u0131 ile oyunlar oynanabilir.<\/p>\n\n\n\n<p>\u00c7ocuk normal bir \u015fekilde okuluna devam ederken, haftasonlar\u0131 \u00f6zel gruplar i\u00e7inde bulunarak, disleksinin azalmas\u0131 y\u00f6n\u00fcnde ad\u0131mlar at\u0131labilir.<\/p>\n\n\n\n<figure class=\"wp-block-image size-large\"><img decoding=\"async\" src=\"https:\/\/www.okanbal.com\/wp-content\/uploads\/2022\/02\/disleksi-1024x1024.png\" alt=\"\" class=\"wp-image-8945\"\/><\/figure>\n\n\n\n<figure class=\"wp-block-image size-full\"><img loading=\"lazy\" decoding=\"async\" width=\"1024\" height=\"1024\" src=\"https:\/\/www.ogrencikocuokanbal.com.tr\/blog\/wp-content\/uploads\/2024\/07\/Ogrenci-Koclugu-2-1024x1024-1.png\" alt=\"\" class=\"wp-image-17\" srcset=\"https:\/\/www.ogrencikocuokanbal.com.tr\/blog\/wp-content\/uploads\/2024\/07\/Ogrenci-Koclugu-2-1024x1024-1.png 1024w, https:\/\/www.ogrencikocuokanbal.com.tr\/blog\/wp-content\/uploads\/2024\/07\/Ogrenci-Koclugu-2-1024x1024-1-300x300.png 300w, https:\/\/www.ogrencikocuokanbal.com.tr\/blog\/wp-content\/uploads\/2024\/07\/Ogrenci-Koclugu-2-1024x1024-1-150x150.png 150w, https:\/\/www.ogrencikocuokanbal.com.tr\/blog\/wp-content\/uploads\/2024\/07\/Ogrenci-Koclugu-2-1024x1024-1-768x768.png 768w, https:\/\/www.ogrencikocuokanbal.com.tr\/blog\/wp-content\/uploads\/2024\/07\/Ogrenci-Koclugu-2-1024x1024-1-200x200.png 200w, https:\/\/www.ogrencikocuokanbal.com.tr\/blog\/wp-content\/uploads\/2024\/07\/Ogrenci-Koclugu-2-1024x1024-1-320x320.png 320w\" sizes=\"auto, (max-width: 1024px) 100vw, 1024px\" \/><\/figure>\n","protected":false},"excerpt":{"rendered":"<p>Disleksi; \u201c\u00f6zel \u00f6\u011frenme g\u00fc\u00e7l\u00fc\u011f\u00fc\u201d olarak adland\u0131r\u0131l\u0131yor. Okul \u00f6ncesi d\u00f6nemde tespit etmek biraz zor olsa da, okul ba\u015flar ba\u015flamaz belirtileri netle\u015fiyor.&#46;&#46;&#46;<\/p>\n","protected":false},"author":1,"featured_media":7246,"comment_status":"closed","ping_status":"closed","sticky":false,"template":"","format":"standard","meta":{"footnotes":""},"categories":[12,28,240,119,91],"tags":[87,307,672,673,674,90],"class_list":["post-7245","post","type-post","status-publish","format-standard","has-post-thumbnail","hentry","category-egitim-ogrenci-danismanligi","category-pdr-rehberlik-resmiyet","category-pedagog","category-psikoloji","category-psikolojik-danisma","tag-disleksi","tag-ogrenci-kocu","tag-okuma-bilmeme","tag-okuma-bozuklugu","tag-okuyamama","tag-pedagog"],"_links":{"self":[{"href":"https:\/\/www.ogrencikocuokanbal.com.tr\/blog\/wp-json\/wp\/v2\/posts\/7245","targetHints":{"allow":["GET"]}}],"collection":[{"href":"https:\/\/www.ogrencikocuokanbal.com.tr\/blog\/wp-json\/wp\/v2\/posts"}],"about":[{"href":"https:\/\/www.ogrencikocuokanbal.com.tr\/blog\/wp-json\/wp\/v2\/types\/post"}],"author":[{"embeddable":true,"href":"https:\/\/www.ogrencikocuokanbal.com.tr\/blog\/wp-json\/wp\/v2\/users\/1"}],"replies":[{"embeddable":true,"href":"https:\/\/www.ogrencikocuokanbal.com.tr\/blog\/wp-json\/wp\/v2\/comments?post=7245"}],"version-history":[{"count":1,"href":"https:\/\/www.ogrencikocuokanbal.com.tr\/blog\/wp-json\/wp\/v2\/posts\/7245\/revisions"}],"predecessor-version":[{"id":16413,"href":"https:\/\/www.ogrencikocuokanbal.com.tr\/blog\/wp-json\/wp\/v2\/posts\/7245\/revisions\/16413"}],"wp:featuredmedia":[{"embeddable":true,"href":"https:\/\/www.ogrencikocuokanbal.com.tr\/blog\/wp-json\/wp\/v2\/media\/7246"}],"wp:attachment":[{"href":"https:\/\/www.ogrencikocuokanbal.com.tr\/blog\/wp-json\/wp\/v2\/media?parent=7245"}],"wp:term":[{"taxonomy":"category","embeddable":true,"href":"https:\/\/www.ogrencikocuokanbal.com.tr\/blog\/wp-json\/wp\/v2\/categories?post=7245"},{"taxonomy":"post_tag","embeddable":true,"href":"https:\/\/www.ogrencikocuokanbal.com.tr\/blog\/wp-json\/wp\/v2\/tags?post=7245"}],"curies":[{"name":"wp","href":"https:\/\/api.w.org\/{rel}","templated":true}]}}