{"id":489,"count":1,"description":"","link":"https:\/\/www.ogrencikocuokanbal.com.tr\/blog\/tag\/cok-ders-calis-baskisi\/","name":"\u00c7ok Ders \u00c7al\u0131\u015f Bask\u0131s\u0131","slug":"cok-ders-calis-baskisi","taxonomy":"post_tag","meta":[],"_links":{"self":[{"href":"https:\/\/www.ogrencikocuokanbal.com.tr\/blog\/wp-json\/wp\/v2\/tags\/489","targetHints":{"allow":["GET"]}}],"collection":[{"href":"https:\/\/www.ogrencikocuokanbal.com.tr\/blog\/wp-json\/wp\/v2\/tags"}],"about":[{"href":"https:\/\/www.ogrencikocuokanbal.com.tr\/blog\/wp-json\/wp\/v2\/taxonomies\/post_tag"}],"wp:post_type":[{"href":"https:\/\/www.ogrencikocuokanbal.com.tr\/blog\/wp-json\/wp\/v2\/posts?tags=489"}],"curies":[{"name":"wp","href":"https:\/\/api.w.org\/{rel}","templated":true}]}}